{"@context":"https:\/\/schema.org\/","@type":"CollectionPage","@id":"https:\/\/www.rametchm.cz\/zvirata\/#CollectionPage","headline":"Zv\u00ed\u0159ata Category","description":"","url":"https:\/\/www.rametchm.cz\/zvirata\/","hasPart":[{"@type":"Article","@id":"https:\/\/www.rametchm.cz\/rano-v-lese\/","headline":"R\u00e1no v lese","url":"https:\/\/www.rametchm.cz\/rano-v-lese\/","datePublished":"2024-06-24","dateModified":"2024-06-24","mainEntityOfPage":"https:\/\/www.rametchm.cz\/rano-v-lese\/","author":{"@type":"Person","@id":"https:\/\/www.rametchm.cz\/author\/#Person","name":"","url":"https:\/\/www.rametchm.cz\/author\/","identifier":1,"image":{"@type":"ImageObject","@id":"https:\/\/secure.gravatar.com\/avatar\/dcb1aeb5e7d95014cdc92e76cf3c72f6b456579bf773ad0081803a6569ffc19c?s=96&d=mm&r=g","url":"https:\/\/secure.gravatar.com\/avatar\/dcb1aeb5e7d95014cdc92e76cf3c72f6b456579bf773ad0081803a6569ffc19c?s=96&d=mm&r=g","height":96,"width":96}},"publisher":{"@type":"Organization","name":"rametchm.cz","logo":{"@type":"ImageObject","@id":"\/logo.png","url":"\/logo.png","width":600,"height":60}},"image":{"@type":"ImageObject","@id":"https:\/\/www.rametchm.cz\/wp-content\/uploads\/raindrops-574971_640.jpg","url":"https:\/\/www.rametchm.cz\/wp-content\/uploads\/raindrops-574971_640.jpg","height":0,"width":0},"keywords":null},{"@type":"Article","@id":"https:\/\/www.rametchm.cz\/neprebirejte-za-deti-jejich-povinnosti-proc-by-se-deti-mely-samy-starat-o-sve-domaci-mazlicky\/","headline":"Nep\u0159eb\u00edrejte za d\u011bti jejich povinnosti &#8211; Pro\u010d by se d\u011bti m\u011bly samy starat o sv\u00e9 dom\u00e1c\u00ed mazl\u00ed\u010dky?","url":"https:\/\/www.rametchm.cz\/neprebirejte-za-deti-jejich-povinnosti-proc-by-se-deti-mely-samy-starat-o-sve-domaci-mazlicky\/","datePublished":"2022-03-30","dateModified":"2023-06-08","mainEntityOfPage":"https:\/\/www.rametchm.cz\/neprebirejte-za-deti-jejich-povinnosti-proc-by-se-deti-mely-samy-starat-o-sve-domaci-mazlicky\/","author":{"@type":"Person","@id":"https:\/\/www.rametchm.cz\/author\/#Person","name":"","url":"https:\/\/www.rametchm.cz\/author\/","identifier":1,"image":{"@type":"ImageObject","@id":"https:\/\/secure.gravatar.com\/avatar\/dcb1aeb5e7d95014cdc92e76cf3c72f6b456579bf773ad0081803a6569ffc19c?s=96&d=mm&r=g","url":"https:\/\/secure.gravatar.com\/avatar\/dcb1aeb5e7d95014cdc92e76cf3c72f6b456579bf773ad0081803a6569ffc19c?s=96&d=mm&r=g","height":96,"width":96}},"publisher":{"@type":"Organization","name":"rametchm.cz","logo":{"@type":"ImageObject","@id":"\/logo.png","url":"\/logo.png","width":600,"height":60}},"image":{"@type":"ImageObject","@id":"https:\/\/www.rametchm.cz\/wp-content\/uploads\/children-1866531__340.jpg","url":"https:\/\/www.rametchm.cz\/wp-content\/uploads\/children-1866531__340.jpg","height":0,"width":0},"keywords":null},{"@type":"Article","@id":"https:\/\/www.rametchm.cz\/co-vse-je-treba-zaridit-pred-porizenim-stenete\/","headline":"Co v\u0161e je t\u0159eba za\u0159\u00eddit p\u0159ed po\u0159\u00edzen\u00edm \u0161t\u011bn\u011bte","url":"https:\/\/www.rametchm.cz\/co-vse-je-treba-zaridit-pred-porizenim-stenete\/","datePublished":"2021-09-15","dateModified":"2023-06-08","mainEntityOfPage":"https:\/\/www.rametchm.cz\/co-vse-je-treba-zaridit-pred-porizenim-stenete\/","author":{"@type":"Person","@id":"https:\/\/www.rametchm.cz\/author\/#Person","name":"","url":"https:\/\/www.rametchm.cz\/author\/","identifier":1,"image":{"@type":"ImageObject","@id":"https:\/\/secure.gravatar.com\/avatar\/dcb1aeb5e7d95014cdc92e76cf3c72f6b456579bf773ad0081803a6569ffc19c?s=96&d=mm&r=g","url":"https:\/\/secure.gravatar.com\/avatar\/dcb1aeb5e7d95014cdc92e76cf3c72f6b456579bf773ad0081803a6569ffc19c?s=96&d=mm&r=g","height":96,"width":96}},"publisher":{"@type":"Organization","name":"rametchm.cz","logo":{"@type":"ImageObject","@id":"\/logo.png","url":"\/logo.png","width":600,"height":60}},"image":{"@type":"ImageObject","@id":"https:\/\/www.rametchm.cz\/wp-content\/uploads\/beach-863139_960_720.jpg","url":"https:\/\/www.rametchm.cz\/wp-content\/uploads\/beach-863139_960_720.jpg","height":0,"width":0},"keywords":null},{"@type":"Article","@id":"https:\/\/www.rametchm.cz\/prvni-domaci-zvire\/","headline":"Prvn\u00ed dom\u00e1c\u00ed zv\u00ed\u0159e","url":"https:\/\/www.rametchm.cz\/prvni-domaci-zvire\/","datePublished":"2019-11-18","dateModified":"2023-06-08","mainEntityOfPage":"https:\/\/www.rametchm.cz\/prvni-domaci-zvire\/","author":{"@type":"Person","@id":"https:\/\/www.rametchm.cz\/author\/#Person","name":"","url":"https:\/\/www.rametchm.cz\/author\/","identifier":1,"image":{"@type":"ImageObject","@id":"https:\/\/secure.gravatar.com\/avatar\/dcb1aeb5e7d95014cdc92e76cf3c72f6b456579bf773ad0081803a6569ffc19c?s=96&d=mm&r=g","url":"https:\/\/secure.gravatar.com\/avatar\/dcb1aeb5e7d95014cdc92e76cf3c72f6b456579bf773ad0081803a6569ffc19c?s=96&d=mm&r=g","height":96,"width":96}},"publisher":{"@type":"Organization","name":"rametchm.cz","logo":{"@type":"ImageObject","@id":"\/logo.png","url":"\/logo.png","width":600,"height":60}},"image":{"@type":"ImageObject","@id":"https:\/\/www.rametchm.cz\/wp-content\/uploads\/img_a359175_w3859_t1573303322.jpg","url":"https:\/\/www.rametchm.cz\/wp-content\/uploads\/img_a359175_w3859_t1573303322.jpg","height":0,"width":0},"keywords":null}]}