[{"@context":"https:\/\/schema.org\/","@type":"Article","@id":"https:\/\/www.rametchm.cz\/snazime-se-zlepsovat-zivoty-tem-kteri-to-opravdu-potrebuji\/#Article","mainEntityOfPage":"https:\/\/www.rametchm.cz\/snazime-se-zlepsovat-zivoty-tem-kteri-to-opravdu-potrebuji\/","headline":"Sna\u017e\u00edme se zlep\u0161ovat \u017eivoty t\u011bm, kte\u0159\u00ed to opravdu pot\u0159ebuj\u00ed","name":"Sna\u017e\u00edme se zlep\u0161ovat \u017eivoty t\u011bm, kte\u0159\u00ed to opravdu pot\u0159ebuj\u00ed","description":"Zkuste se zamyslet nad t\u00edm, co V\u00e1m ve Va\u0161em dom\u011b sch\u00e1z\u00ed. Vzpome\u0148te si, jak v zim\u011b neust\u00e1le p\u0159ikl\u00e1d\u00e1te ke vchodov\u00fdm dve\u0159\u00edm deku, aby V\u00e1m neprofukovalo do domu. Nen\u00ed pr\u00e1v\u011b na \u010dase ud\u011blat n\u011bjakou razantn\u00ed zm\u011bnu? S n\u00e1mi j\u00ed m\u016f\u017eete zrealizovat. Jsme specialist\u00e9 na d\u0159ev\u011bn\u00e1 okna, kter\u00e1 kr\u00e1sn\u011b vyzdob\u00ed V\u00e1\u0161 d\u016fm, zachovaj\u00ed p\u016fvodn\u00ed r\u00e1z, ale z\u00e1rove\u0148 [&hellip;]","datePublished":"2025-03-11","dateModified":"2025-03-11","author":{"@type":"Person","@id":"https:\/\/www.rametchm.cz\/author\/#Person","name":"","url":"https:\/\/www.rametchm.cz\/author\/","identifier":1,"image":{"@type":"ImageObject","@id":"https:\/\/secure.gravatar.com\/avatar\/dcb1aeb5e7d95014cdc92e76cf3c72f6b456579bf773ad0081803a6569ffc19c?s=96&d=mm&r=g","url":"https:\/\/secure.gravatar.com\/avatar\/dcb1aeb5e7d95014cdc92e76cf3c72f6b456579bf773ad0081803a6569ffc19c?s=96&d=mm&r=g","height":96,"width":96}},"publisher":{"@type":"Organization","name":"rametchm.cz","logo":{"@type":"ImageObject","@id":"\/logo.png","url":"\/logo.png","width":600,"height":60}},"url":"https:\/\/www.rametchm.cz\/snazime-se-zlepsovat-zivoty-tem-kteri-to-opravdu-potrebuji\/","wordCount":170,"articleBody":"Zkuste se zamyslet nad t\u00edm, co V\u00e1m ve Va\u0161em dom\u011b sch\u00e1z\u00ed. Vzpome\u0148te si, jak v zim\u011b neust\u00e1le p\u0159ikl\u00e1d\u00e1te ke vchodov\u00fdm dve\u0159\u00edm deku, aby V\u00e1m neprofukovalo do domu. Nen\u00ed pr\u00e1v\u011b na \u010dase ud\u011blat n\u011bjakou razantn\u00ed zm\u011bnu? S n\u00e1mi j\u00ed m\u016f\u017eete zrealizovat. Jsme specialist\u00e9 na d\u0159ev\u011bn\u00e1 okna, kter\u00e1 kr\u00e1sn\u011b vyzdob\u00ed V\u00e1\u0161 d\u016fm, zachovaj\u00ed p\u016fvodn\u00ed r\u00e1z, ale z\u00e1rove\u0148 jsou modern\u00ed. Od ka\u017ed\u00e9ho n\u011bco m\u00e1lo V na\u0161\u00ed nab\u00eddce si m\u016f\u017eete prohl\u00e9dnout je\u0161t\u011b dal\u0161\u00ed d\u0159ev\u011bn\u00e9 v\u00fdrobky a jist\u011b si u n\u00e1s vyberete. Nab\u00edz\u00edme v\u00fdrobu a mont\u00e1\u017e gar\u00e1\u017eov\u00fdch vrat, kter\u00e9 maj\u00ed i automatick\u00e9 otev\u00edr\u00e1n\u00ed, nebo vchodov\u00e9 dve\u0159e, kter\u00e9 maj\u00ed neuv\u011b\u0159itelnou p\u0159ilnavost, a d\u00edky nim V\u00e1m ji\u017e nikdy neprofoukne do domu studen\u00fd v\u011bt\u0159\u00edk. P\u0159ij\u010fte se pod\u00edvat k n\u00e1m a jist\u011b nebudete litovat.                                                                                                                                                                                                                                                                                                                                                                                                "},{"@context":"https:\/\/schema.org\/","@type":"BreadcrumbList","itemListElement":[{"@type":"ListItem","position":1,"name":"Sna\u017e\u00edme se zlep\u0161ovat \u017eivoty t\u011bm, kte\u0159\u00ed to opravdu pot\u0159ebuj\u00ed","item":"https:\/\/www.rametchm.cz\/snazime-se-zlepsovat-zivoty-tem-kteri-to-opravdu-potrebuji\/#breadcrumbitem"}]}]